{"id":6176,"date":"2020-06-16T06:16:07","date_gmt":"2020-06-16T04:16:07","guid":{"rendered":"https:\/\/www.mountainow.net\/2020\/06\/rifugi-d-estate-dopo-il-coronavirus\/"},"modified":"2020-06-16T06:16:07","modified_gmt":"2020-06-16T04:16:07","slug":"rifugi-d-estate-dopo-il-coronavirus","status":"publish","type":"post","link":"https:\/\/www.mountainow.net\/it\/2020\/06\/rifugi-d-estate-dopo-il-coronavirus\/","title":{"rendered":"I rifugi d&#8217;estate dopo il Coronavirus? Ecco la situazione"},"content":{"rendered":"<p>Cosa accadr\u00e0 ai rifugi d&#8217;estate dopo il Coronavirus? Lo scenario non \u00e8 dei pi\u00f9 chiari. Sar\u00e0 una stagione all&#8217;insegna delle limitazioni anche e soprattutto dal punto di vista dei viaggi e gli <strong>esperti della montagna<\/strong> si chiedono cosa aspettarsi tra qualche settimana. La gente probabilmente eviter\u00e0 il mare per il troppo caldo (pensate alle mascherine in spiaggia) e salir\u00e0 in alta quota per godersi il fresco e posti dove la distanza sar\u00e0 pi\u00f9 facile da mantenere. Sul futuro prossimo parlano gli esperti.<\/p>\n<h2>Le dichiarazioni degli esperti<\/h2>\n<p>Sui <strong>rifugi d&#8217;estate dopo il Coronavirus<\/strong> dice la sua Alberto Giovannini, di Governolo, che con la moglie Monica da alcuni anni gestisce il Rifugio Finonchio F.lli Filzi a Serrada di Folgaria, in provincia di Trento, a quota 1.620 metri:<\/p>\n<blockquote><p>La nostra licenza \u00e8 equiparata a quella degli alberghi e dei ristoranti in Trentino. Ovvero ristorazione con somministrazione cibo. E quindi per tenere aperto dovremmo rispettare le stesse procedure: distanza di un metro tra le persone, sanificazione fino a 4 volte al giorno, probabilmente anche provare la febbre ai clienti. Con la differenza che chi conosce i rifugi, in particolare il nostro, sa che gli spazi interni ed esterni sono limitati.<\/p><\/blockquote>\n<p>Non solo:<\/p>\n<blockquote><p>Nei giorni scorsi abbiamo avuto una conference-call tra i gestori dei 146 rifugi gestiti dalla Sat e l&#8217;Azienda Sanitaria perch\u00e9 noi abbiamo anche l&#8217;obbligo, da contratto, abbiamo l&#8217;obbligo di non rifiutare alloggio in caso di emergenza da temporale. Come la mettiamo? Senza contare poi che subentra anche un problema di tutela di salute per noi: la gente quando mangia ovviamente si toglie la mascherina e chi controlla il nostro rischio?.<\/p><\/blockquote>\n<h2>Possibili soluzioni<\/h2>\n<p>Tra le possibili soluzioni circa una <strong>corretta gestione dei rifugi d&#8217;estate dopo il Coronavirus<\/strong> si paventa la possibilit\u00e0 di differenziare i rifugi a seconda dell&#8217;altitudine. Sempre Giovannini sembra comunque certo che la stagione, in qualche modo, vedr\u00e0 la luce e lo spiega con queste parole:<\/p>\n<blockquote><p>Fin dalla fine di aprile in Trentino hanno dato il permesso alle escursioni rimanendo nel comune di residenza. I locali, come sempre, dovrebbero venire ma il punto di domanda \u00e8 sugli altri. Si potranno muovere? Andiamo incontro ad una perdita dei due terzi rispetto al passato. Dovendo pagare pi\u00f9 personale per rispondere alle richieste del decreto sicurezza. Ci aspettiamo un azzeramento dei costi di affitto, altrimenti lavoreremmo in perdita.<\/p><\/blockquote>\n<p>Ci vorr\u00e0 ancora tempo per sapere come finir\u00e0 questa storia sui rifugi d&#8217;estate dopo il Coronavirus. Usa questo tempo libero anche per studiarti tutte le opzioni di sicurezza per quando tornerai a fare le tue escursioni. Come? Usando la nostra app per smartphone e tablet che condivide mappe e foto delle gite di tutti gli escursionisti d&#8217;Europa per creare un prezioso ed importante network di informazioni sulla montagna e le sue condizioni climatiche. Testala. Lo puoi fare <a href=\"https:\/\/itunes.apple.com\/it\/app\/mountainow\/id1140143171?l=it&amp;ls=1&amp;mt=8\" target=\"_blank\" rel=\"noopener\">da qui download per iOs<\/a>\u00a0e\u00a0<a target=\"_blank\" rel=\"noopener\">da qui download per Android<\/a>.<\/p>\n","protected":false},"excerpt":{"rendered":"<p>Cosa accadr\u00e0 ai rifugi d&#8217;estate dopo il Coronavirus? Lo scenario non \u00e8 dei pi\u00f9 chiari. Sar\u00e0 una stagione all&#8217;insegna delle limitazioni anche e soprattutto dal punto di vista dei viaggi e gli esperti della montagna si chiedono cosa aspettarsi tra qualche settimana. La gente probabilmente eviter\u00e0 il mare per il troppo caldo (pensate alle mascherine [&hellip;]<\/p>\n","protected":false},"author":3,"featured_media":5677,"comment_status":"open","ping_status":"open","sticky":false,"template":"","format":"standard","meta":[],"categories":[46],"tags":[],"_links":{"self":[{"href":"https:\/\/www.mountainow.net\/it\/wp-json\/wp\/v2\/posts\/6176"}],"collection":[{"href":"https:\/\/www.mountainow.net\/it\/wp-json\/wp\/v2\/posts"}],"about":[{"href":"https:\/\/www.mountainow.net\/it\/wp-json\/wp\/v2\/types\/post"}],"author":[{"embeddable":true,"href":"https:\/\/www.mountainow.net\/it\/wp-json\/wp\/v2\/users\/3"}],"replies":[{"embeddable":true,"href":"https:\/\/www.mountainow.net\/it\/wp-json\/wp\/v2\/comments?post=6176"}],"version-history":[{"count":0,"href":"https:\/\/www.mountainow.net\/it\/wp-json\/wp\/v2\/posts\/6176\/revisions"}],"wp:featuredmedia":[{"embeddable":true,"href":"https:\/\/www.mountainow.net\/it\/wp-json\/wp\/v2\/media\/5677"}],"wp:attachment":[{"href":"https:\/\/www.mountainow.net\/it\/wp-json\/wp\/v2\/media?parent=6176"}],"wp:term":[{"taxonomy":"category","embeddable":true,"href":"https:\/\/www.mountainow.net\/it\/wp-json\/wp\/v2\/categories?post=6176"},{"taxonomy":"post_tag","embeddable":true,"href":"https:\/\/www.mountainow.net\/it\/wp-json\/wp\/v2\/tags?post=6176"}],"curies":[{"name":"wp","href":"https:\/\/api.w.org\/{rel}","templated":true}]}}